[{"id":2018,"link":"https:\/\/huellainformativa.uicui.edu.mx\/2026\/09\/01\/explosion-en-la-comandancia-de-ojocaliente-deja-11-heridos-y-obliga-a-suspender-la-feria-regional-en-zacatecas\/","name":"explosion-en-la-comandancia-de-ojocaliente-deja-11-heridos-y-obliga-a-suspender-la-feria-regional-en-zacatecas","thumbnail":{"url":"https:\/\/huellainformativa.uicui.edu.mx\/wp-content\/uploads\/2026\/09\/gettyimages-2292395956.webp","alt":""},"title":"Explosi\u00f3n en la comandancia de Ojocaliente deja 11 heridos y obliga a suspender la Feria Regional en Zacatecas","excerpt":"","content":"Por: Yahir Gonz\u00e1lez La noche del pasado domingo 30 de agosto de 2026, el municipio de Ojocaliente, Zacatecas, sufri\u00f3 un violento ataque tras la detonaci\u00f3n","author":{"name":"HUELLA Informativa CUI","link":"https:\/\/huellainformativa.uicui.edu.mx\/author\/huellinformtivcui\/"},"date":"Sep 1, 2026","dateGMT":"2026-09-01 19:20:43","modifiedDate":"2026-09-01 19:20:43","modifiedDateGMT":"2026-09-01 19:20:43","commentCount":"0","commentStatus":"open","categories":{"coma":"<a href=\"https:\/\/huellainformativa.uicui.edu.mx\/category\/nacional\/\" rel=\"category tag\">Nacional<\/a>","space":"<a href=\"https:\/\/huellainformativa.uicui.edu.mx\/category\/nacional\/\" rel=\"category tag\">Nacional<\/a>"},"taxonomies":{"post_tag":""},"readTime":{"min":1,"sec":31},"status":"publish"},{"id":2011,"link":"https:\/\/huellainformativa.uicui.edu.mx\/2026\/08\/29\/inundaciones-en-la-frontera-de-nepal-y-tibet-causan-perdidas-humanas-estimadas-en-392-muertos-y-mas-de-un-millar-de-desaparecidos\/","name":"inundaciones-en-la-frontera-de-nepal-y-tibet-causan-perdidas-humanas-estimadas-en-392-muertos-y-mas-de-un-millar-de-desaparecidos","thumbnail":{"url":"https:\/\/huellainformativa.uicui.edu.mx\/wp-content\/uploads\/2026\/08\/inundaciones-nepal-foto-de-Niranjan-Shrestha-AP-1200x800-1.jpg","alt":""},"title":"Inundaciones en la frontera de Nepal y Tibet causan p\u00e9rdidas humanas estimadas en 392 muertos y m\u00e1s de un millar de desaparecidos.","excerpt":"","content":"Foto: Niranjan Shrestha Por: Yosef Torres Los enormes deslizamientos de tierra y las inundaciones repentinas en la frontera entre Nepal y T\u00edbet han causado da\u00f1os","author":{"name":"HUELLA Informativa CUI","link":"https:\/\/huellainformativa.uicui.edu.mx\/author\/huellinformtivcui\/"},"date":"Ago 29, 2026","dateGMT":"2026-08-29 00:14:08","modifiedDate":"2026-08-29 00:14:08","modifiedDateGMT":"2026-08-29 00:14:08","commentCount":"0","commentStatus":"open","categories":{"coma":"<a href=\"https:\/\/huellainformativa.uicui.edu.mx\/category\/nacional\/\" rel=\"category tag\">Nacional<\/a>","space":"<a href=\"https:\/\/huellainformativa.uicui.edu.mx\/category\/nacional\/\" rel=\"category tag\">Nacional<\/a>"},"taxonomies":{"post_tag":""},"readTime":{"min":1,"sec":57},"status":"publish"},{"id":2008,"link":"https:\/\/huellainformativa.uicui.edu.mx\/2026\/08\/27\/estados-unidos-inicia-investigaciones-de-presuntos-nexos-de-ruben-rocha-y-americo-villarreal-con-el-crimen-organizado\/","name":"estados-unidos-inicia-investigaciones-de-presuntos-nexos-de-ruben-rocha-y-americo-villarreal-con-el-crimen-organizado","thumbnail":{"url":"https:\/\/huellainformativa.uicui.edu.mx\/wp-content\/uploads\/2026\/08\/rocha-moya-investigacion-eua-1920x1080-1.jpg","alt":""},"title":"Estados Unidos inicia investigaciones de presuntos nexos de Rub\u00e9n Rocha y Am\u00e9rico Villarreal con el crimen organizado.","excerpt":"","content":"Por: Yosef Torres Las agencias CIA, DEA y DHS abrieron expedientes en contra del gobernador de Sinaloa y del de Tamaulipas por lavado de dinero","author":{"name":"HUELLA Informativa CUI","link":"https:\/\/huellainformativa.uicui.edu.mx\/author\/huellinformtivcui\/"},"date":"Ago 27, 2026","dateGMT":"2026-08-27 23:19:00","modifiedDate":"2026-08-27 23:19:00","modifiedDateGMT":"2026-08-27 23:19:00","commentCount":"0","commentStatus":"open","categories":{"coma":"<a href=\"https:\/\/huellainformativa.uicui.edu.mx\/category\/nacional\/\" rel=\"category tag\">Nacional<\/a>","space":"<a href=\"https:\/\/huellainformativa.uicui.edu.mx\/category\/nacional\/\" rel=\"category tag\">Nacional<\/a>"},"taxonomies":{"post_tag":""},"readTime":{"min":1,"sec":27},"status":"publish"},{"id":2002,"link":"https:\/\/huellainformativa.uicui.edu.mx\/2026\/08\/26\/detienen-a-dos-por-suplantar-a-aspirantes-en-examen-de-admision-de-la-unam\/","name":"detienen-a-dos-por-suplantar-a-aspirantes-en-examen-de-admision-de-la-unam","thumbnail":{"url":"https:\/\/huellainformativa.uicui.edu.mx\/wp-content\/uploads\/2026\/08\/JIRDZXSOZZCP3JXA7Y72LXCJQM.png","alt":""},"title":"Detienen a dos por suplantar a aspirantes en examen de admisi\u00f3n de la UNAM","excerpt":"","content":"Foto: FGJCDMX Por: Christopher Martinez La Fiscal\u00eda General de Justicia de la Ciudad de M\u00e9xico (FGJCDMX) detuvo a Edgar \u201cN\u201d y David \u201cN\u201d, se\u00f1alados por","author":{"name":"HUELLA Informativa CUI","link":"https:\/\/huellainformativa.uicui.edu.mx\/author\/huellinformtivcui\/"},"date":"Ago 26, 2026","dateGMT":"2026-08-26 21:16:46","modifiedDate":"2026-08-26 21:16:46","modifiedDateGMT":"2026-08-26 21:16:46","commentCount":"0","commentStatus":"open","categories":{"coma":"<a href=\"https:\/\/huellainformativa.uicui.edu.mx\/category\/nacional\/\" rel=\"category tag\">Nacional<\/a>","space":"<a href=\"https:\/\/huellainformativa.uicui.edu.mx\/category\/nacional\/\" rel=\"category tag\">Nacional<\/a>"},"taxonomies":{"post_tag":""},"readTime":{"min":1,"sec":22},"status":"publish"},{"id":1986,"link":"https:\/\/huellainformativa.uicui.edu.mx\/2026\/08\/20\/operativo-en-michoacan-deja-12-detenidos-entre-ellos-hija-y-pareja-del-tio-lako\/","name":"operativo-en-michoacan-deja-12-detenidos-entre-ellos-hija-y-pareja-del-tio-lako","thumbnail":{"url":"https:\/\/huellainformativa.uicui.edu.mx\/wp-content\/uploads\/2026\/08\/3333.png","alt":""},"title":"Operativo en Michoac\u00e1n deja 12 detenidos; entre ellos, hija y pareja del \"T\u00edo Lako\"","excerpt":"","content":"Por: Sara Lucia Tellez Lucho Foto: Defensa El 19 de agosto de 2026 se realiz\u00f3 un operativo por fuerzas federales en los municipios de Tanhuato","author":{"name":"HUELLA Informativa CUI","link":"https:\/\/huellainformativa.uicui.edu.mx\/author\/huellinformtivcui\/"},"date":"Ago 20, 2026","dateGMT":"2026-08-20 18:47:48","modifiedDate":"2026-08-20 18:47:48","modifiedDateGMT":"2026-08-20 18:47:48","commentCount":"0","commentStatus":"open","categories":{"coma":"<a href=\"https:\/\/huellainformativa.uicui.edu.mx\/category\/nacional\/\" rel=\"category tag\">Nacional<\/a>","space":"<a href=\"https:\/\/huellainformativa.uicui.edu.mx\/category\/nacional\/\" rel=\"category tag\">Nacional<\/a>"},"taxonomies":{"post_tag":""},"readTime":{"min":2,"sec":44},"status":"publish"},{"id":1980,"link":"https:\/\/huellainformativa.uicui.edu.mx\/2026\/08\/18\/ediciones-era-conocido-promotor-de-la-literatura-de-izquierda-cierra-sus-puertas\/","name":"ediciones-era-conocido-promotor-de-la-literatura-de-izquierda-cierra-sus-puertas","thumbnail":{"url":"https:\/\/huellainformativa.uicui.edu.mx\/wp-content\/uploads\/2026\/08\/1318950.jpg","alt":""},"title":"Ediciones Era, conocido promotor de la literatura de izquierda, cierra sus puertas.","excerpt":"","content":"Por: Yosef Torres Fundada en 1960, \u201cEdiciones Era\u201d uno de los sellos mexicanos independientes m\u00e1s importantes, anunci\u00f3 su cierre el pasado 17 de agosto. Durante","author":{"name":"HUELLA Informativa CUI","link":"https:\/\/huellainformativa.uicui.edu.mx\/author\/huellinformtivcui\/"},"date":"Ago 18, 2026","dateGMT":"2026-08-18 17:24:08","modifiedDate":"2026-08-18 17:24:08","modifiedDateGMT":"2026-08-18 17:24:08","commentCount":"0","commentStatus":"open","categories":{"coma":"<a href=\"https:\/\/huellainformativa.uicui.edu.mx\/category\/nacional\/\" rel=\"category tag\">Nacional<\/a>","space":"<a href=\"https:\/\/huellainformativa.uicui.edu.mx\/category\/nacional\/\" rel=\"category tag\">Nacional<\/a>"},"taxonomies":{"post_tag":""},"readTime":{"min":1,"sec":39},"status":"publish"},{"id":1959,"link":"https:\/\/huellainformativa.uicui.edu.mx\/2026\/08\/13\/scjn-respalda-fondo-de-pensiones-y-aclara-dudas-sobre-los-ahorros\/","name":"scjn-respalda-fondo-de-pensiones-y-aclara-dudas-sobre-los-ahorros","thumbnail":{"url":"https:\/\/huellainformativa.uicui.edu.mx\/wp-content\/uploads\/2026\/08\/scjn.jpg","alt":""},"title":"SCJN respalda Fondo de Pensiones y aclara dudas sobre los ahorros","excerpt":"","content":"Por: Sara Lucia Tellez Lucho Foto: Germ\u00e1n Canseco La Suprema Corte de Justicia de la Naci\u00f3n (SCJN) aval\u00f3 por unanimidad el Fondo de Pensiones para","author":{"name":"HUELLA Informativa CUI","link":"https:\/\/huellainformativa.uicui.edu.mx\/author\/huellinformtivcui\/"},"date":"Ago 13, 2026","dateGMT":"2026-08-13 17:43:27","modifiedDate":"2026-08-13 17:43:27","modifiedDateGMT":"2026-08-13 17:43:27","commentCount":"0","commentStatus":"open","categories":{"coma":"<a href=\"https:\/\/huellainformativa.uicui.edu.mx\/category\/nacional\/\" rel=\"category tag\">Nacional<\/a>","space":"<a href=\"https:\/\/huellainformativa.uicui.edu.mx\/category\/nacional\/\" rel=\"category tag\">Nacional<\/a>"},"taxonomies":{"post_tag":""},"readTime":{"min":2,"sec":55},"status":"publish"},{"id":1952,"link":"https:\/\/huellainformativa.uicui.edu.mx\/2026\/08\/12\/liberan-casi-15-millones-de-moscas-esteriles-contra-el-gusano-barrenador-en-chihuahua\/","name":"liberan-casi-15-millones-de-moscas-esteriles-contra-el-gusano-barrenador-en-chihuahua","thumbnail":{"url":"https:\/\/huellainformativa.uicui.edu.mx\/wp-content\/uploads\/2026\/08\/senasica-scaled-1.jpg","alt":""},"title":"Liberan casi 15 millones de moscas est\u00e9riles contra el gusano barrenador en Chihuahua","excerpt":"","content":"Foto: Especial Por: Christopher Martinez Autoridades federales y estatales intensificaron las acciones para contener el gusano barrenador del ganado (GBG) en Chihuahua con la liberaci\u00f3n","author":{"name":"HUELLA Informativa CUI","link":"https:\/\/huellainformativa.uicui.edu.mx\/author\/huellinformtivcui\/"},"date":"Ago 12, 2026","dateGMT":"2026-08-12 21:21:45","modifiedDate":"2026-08-12 21:21:45","modifiedDateGMT":"2026-08-12 21:21:45","commentCount":"0","commentStatus":"open","categories":{"coma":"<a href=\"https:\/\/huellainformativa.uicui.edu.mx\/category\/nacional\/\" rel=\"category tag\">Nacional<\/a>","space":"<a href=\"https:\/\/huellainformativa.uicui.edu.mx\/category\/nacional\/\" rel=\"category tag\">Nacional<\/a>"},"taxonomies":{"post_tag":""},"readTime":{"min":2,"sec":20},"status":"publish"},{"id":1948,"link":"https:\/\/huellainformativa.uicui.edu.mx\/2026\/08\/12\/defensa-de-aguirre-presenta-31-pruebas-contra-acusacion-de-la-fgr\/","name":"defensa-de-aguirre-presenta-31-pruebas-contra-acusacion-de-la-fgr","thumbnail":{"url":"https:\/\/huellainformativa.uicui.edu.mx\/wp-content\/uploads\/2026\/08\/Foto-62.jpg","alt":""},"title":"Defensa de Aguirre presenta 31 pruebas contra acusaci\u00f3n de la FGR","excerpt":"","content":"Por: Sara Lucia Tellez Lucho Foto: Enciclopedia Guerrerense La defensa de Aguirre present\u00f3 31 pruebas con las que busca cuestionar la acusaci\u00f3n que la Fiscal\u00eda","author":{"name":"HUELLA Informativa CUI","link":"https:\/\/huellainformativa.uicui.edu.mx\/author\/huellinformtivcui\/"},"date":"Ago 12, 2026","dateGMT":"2026-08-12 17:18:11","modifiedDate":"2026-08-12 17:18:11","modifiedDateGMT":"2026-08-12 17:18:11","commentCount":"0","commentStatus":"open","categories":{"coma":"<a href=\"https:\/\/huellainformativa.uicui.edu.mx\/category\/nacional\/\" rel=\"category tag\">Nacional<\/a>","space":"<a href=\"https:\/\/huellainformativa.uicui.edu.mx\/category\/nacional\/\" rel=\"category tag\">Nacional<\/a>"},"taxonomies":{"post_tag":""},"readTime":{"min":2,"sec":37},"status":"publish"},{"id":1935,"link":"https:\/\/huellainformativa.uicui.edu.mx\/2026\/08\/10\/unam-pospone-aviso-de-citas-de-revision-para-los-3-mil-100-aspirantes-con-examen-cancelado\/","name":"unam-pospone-aviso-de-citas-de-revision-para-los-3-mil-100-aspirantes-con-examen-cancelado","thumbnail":{"url":"https:\/\/huellainformativa.uicui.edu.mx\/wp-content\/uploads\/2026\/08\/unam-pospone-aviso-citas-de-revision-para-los-30-mil-100-aspirantes-con-examen-cancelado_a4d14e37-a8bf-4506-9946-2edefcf6ee12_medialjnimgndimagefullsize.webp","alt":""},"title":"UNAM pospone aviso de citas de revisi\u00f3n para los 3 mil 100 aspirantes con examen cancelado","excerpt":"","content":"Por: Sara Lucia Tellez Lucho \u00a0Foto: Luis Castillo Miles de j\u00f3venes que esperaban conocer su resultado del examen de ingreso a la UNAM se encontraron","author":{"name":"HUELLA Informativa CUI","link":"https:\/\/huellainformativa.uicui.edu.mx\/author\/huellinformtivcui\/"},"date":"Ago 10, 2026","dateGMT":"2026-08-10 20:09:53","modifiedDate":"2026-08-10 20:09:53","modifiedDateGMT":"2026-08-10 20:09:53","commentCount":"0","commentStatus":"open","categories":{"coma":"<a href=\"https:\/\/huellainformativa.uicui.edu.mx\/category\/nacional\/\" rel=\"category tag\">Nacional<\/a>","space":"<a href=\"https:\/\/huellainformativa.uicui.edu.mx\/category\/nacional\/\" rel=\"category tag\">Nacional<\/a>"},"taxonomies":{"post_tag":""},"readTime":{"min":3,"sec":21},"status":"publish"},{"id":1919,"link":"https:\/\/huellainformativa.uicui.edu.mx\/2026\/08\/05\/asesinato-de-cesar-gastelum-vuelve-a-poner-en-el-centro-la-violencia-que-vive-sinaloa\/","name":"asesinato-de-cesar-gastelum-vuelve-a-poner-en-el-centro-la-violencia-que-vive-sinaloa","thumbnail":{"url":"https:\/\/huellainformativa.uicui.edu.mx\/wp-content\/uploads\/2026\/08\/Cesar-gaste.webp","alt":""},"title":"Asesinato de C\u00e9sar Gast\u00e9lum vuelve a poner en el centro la violencia que vive Sinaloa","excerpt":"","content":"Por: Sara Lucia Tellez Lucho Foto: Cesar Gastelum v\u00eda instagram La noche del 4 de agosto de 2026, el influencer sinaloense C\u00e9sar Gast\u00e9lum fue asesinado","author":{"name":"HUELLA Informativa CUI","link":"https:\/\/huellainformativa.uicui.edu.mx\/author\/huellinformtivcui\/"},"date":"Ago 5, 2026","dateGMT":"2026-08-05 17:33:22","modifiedDate":"2026-08-05 17:33:22","modifiedDateGMT":"2026-08-05 17:33:22","commentCount":"0","commentStatus":"open","categories":{"coma":"<a href=\"https:\/\/huellainformativa.uicui.edu.mx\/category\/nacional\/\" rel=\"category tag\">Nacional<\/a>","space":"<a href=\"https:\/\/huellainformativa.uicui.edu.mx\/category\/nacional\/\" rel=\"category tag\">Nacional<\/a>"},"taxonomies":{"post_tag":""},"readTime":{"min":2,"sec":14},"status":"publish"},{"id":1912,"link":"https:\/\/huellainformativa.uicui.edu.mx\/2026\/07\/02\/mueren-4-personas-durante-festejos-en-el-angel-tras-victoria-de-la-seleccion-mexicana\/","name":"mueren-4-personas-durante-festejos-en-el-angel-tras-victoria-de-la-seleccion-mexicana","thumbnail":{"url":"https:\/\/huellainformativa.uicui.edu.mx\/wp-content\/uploads\/2026\/07\/muertes-asfixia-festejos-mexico-cuartoscuro-01072026.jpg","alt":""},"title":"Mueren 4 personas durante festejos en el \u00c1ngel tras victoria de la Selecci\u00f3n Mexicana","excerpt":"","content":"Por: Yosef Torres Se informa que cuatro personas murieron, tres de ellas por asfixia, durante los festejos de la victoria de M\u00e9xico sobre Ecuador en","author":{"name":"HUELLA Informativa CUI","link":"https:\/\/huellainformativa.uicui.edu.mx\/author\/huellinformtivcui\/"},"date":"Jul 2, 2026","dateGMT":"2026-07-02 18:15:44","modifiedDate":"2026-07-02 18:15:44","modifiedDateGMT":"2026-07-02 18:15:44","commentCount":"0","commentStatus":"open","categories":{"coma":"<a href=\"https:\/\/huellainformativa.uicui.edu.mx\/category\/nacional\/\" rel=\"category tag\">Nacional<\/a>","space":"<a href=\"https:\/\/huellainformativa.uicui.edu.mx\/category\/nacional\/\" rel=\"category tag\">Nacional<\/a>"},"taxonomies":{"post_tag":""},"readTime":{"min":2,"sec":19},"status":"publish"}]