
[{"id":1983,"link":"https:\/\/huellainformativa.uicui.edu.mx\/2026\/08\/19\/gorillaz-regresa-a-mexico-este-2026-con-su-gira-the-mountain-tour\/","name":"gorillaz-regresa-a-mexico-este-2026-con-su-gira-the-mountain-tour","thumbnail":{"url":"https:\/\/huellainformativa.uicui.edu.mx\/wp-content\/uploads\/2026\/08\/NRX7AF2R3ZHXRFFKMPZO3BUIZY-copia.jpg","alt":""},"title":"Gorillaz regresa a M\u00e9xico este 2026, con su gira \"The Mountain Tour\".","excerpt":"","content":"Foto: IG @gorillaz Por: Denis Catarino Gorillaz confirm\u00f3 su regreso a M\u00e9xico con \u201cThe Mountain tour 2026\u201d. La banda virtual creada por Damon Albarn y","author":{"name":"HUELLA Informativa CUI","link":"https:\/\/huellainformativa.uicui.edu.mx\/author\/huellinformtivcui\/"},"date":"Ago 19, 2026","dateGMT":"2026-08-19 14:50:07","modifiedDate":"2026-08-19 14:50:07","modifiedDateGMT":"2026-08-19 14:50:07","commentCount":"0","commentStatus":"open","categories":{"coma":"<a href=\"https:\/\/huellainformativa.uicui.edu.mx\/category\/cultura\/\" rel=\"category tag\">Cultura<\/a>","space":"<a href=\"https:\/\/huellainformativa.uicui.edu.mx\/category\/cultura\/\" rel=\"category tag\">Cultura<\/a>"},"taxonomies":{"post_tag":""},"readTime":{"min":0,"sec":51},"status":"publish"},{"id":1942,"link":"https:\/\/huellainformativa.uicui.edu.mx\/2026\/08\/11\/harry-styles-se-despide-de-mexico-tras-seis-noches-conciertos-en-la-ciudad-de-mexico\/","name":"harry-styles-se-despide-de-mexico-tras-seis-noches-conciertos-en-la-ciudad-de-mexico","thumbnail":{"url":"https:\/\/huellainformativa.uicui.edu.mx\/wp-content\/uploads\/2026\/08\/SaveClip.App_760536729_18094627490568822_3231725072070112558_n.jpg","alt":""},"title":"Harry Styles se despide de M\u00e9xico tras seis noches conciertos en la Ciudad de M\u00e9xico.","excerpt":"","content":"Foto: edavidm\/liliestradamx Por: Yosef Torres El cantante brit\u00e1nico; Harry Styles estuvo por m\u00e1s de dos semanas en territorio mexicano, no solo ofreciendo conciertos, sino recorriendo","author":{"name":"HUELLA Informativa CUI","link":"https:\/\/huellainformativa.uicui.edu.mx\/author\/huellinformtivcui\/"},"date":"Ago 11, 2026","dateGMT":"2026-08-11 15:51:51","modifiedDate":"2026-08-11 15:51:51","modifiedDateGMT":"2026-08-11 15:51:51","commentCount":"0","commentStatus":"open","categories":{"coma":"<a href=\"https:\/\/huellainformativa.uicui.edu.mx\/category\/cultura\/\" rel=\"category tag\">Cultura<\/a>","space":"<a href=\"https:\/\/huellainformativa.uicui.edu.mx\/category\/cultura\/\" rel=\"category tag\">Cultura<\/a>"},"taxonomies":{"post_tag":""},"readTime":{"min":1,"sec":35},"status":"publish"},{"id":1717,"link":"https:\/\/huellainformativa.uicui.edu.mx\/2026\/05\/04\/dia-mundial-de-star-wars-que-es-lo-que-realmente-se-celebra-el-4-de-mayo\/","name":"dia-mundial-de-star-wars-que-es-lo-que-realmente-se-celebra-el-4-de-mayo","thumbnail":{"url":"https:\/\/huellainformativa.uicui.edu.mx\/wp-content\/uploads\/2026\/05\/api-v1.1-file-public-files-pim-assets-97-ad-84-62-6284ad972eff292d45ce1a2e-images-47-73-f0-65-65f073472bc4ca5854c10e43-008-dvd2-star-wars-poster-classic-2-web.jpg","alt":""},"title":"D\u00eda mundial de Star Wars: \u00bfQu\u00e9 es lo que realmente se celebra el 4 de mayo?","excerpt":"","content":"Por: Yosef Torres 4 de mayo, d\u00eda de festejo anual para una de las franquicias m\u00e1s exitosas del cine en los \u00faltimos a\u00f1os, Star Wars,","author":{"name":"HUELLA Informativa CUI","link":"https:\/\/huellainformativa.uicui.edu.mx\/author\/huellinformtivcui\/"},"date":"May 4, 2026","dateGMT":"2026-05-04 22:53:43","modifiedDate":"2026-05-04 22:53:43","modifiedDateGMT":"2026-05-04 22:53:43","commentCount":"0","commentStatus":"open","categories":{"coma":"<a href=\"https:\/\/huellainformativa.uicui.edu.mx\/category\/cultura\/\" rel=\"category tag\">Cultura<\/a>","space":"<a href=\"https:\/\/huellainformativa.uicui.edu.mx\/category\/cultura\/\" rel=\"category tag\">Cultura<\/a>"},"taxonomies":{"post_tag":""},"readTime":{"min":2,"sec":5},"status":"publish"},{"id":1657,"link":"https:\/\/huellainformativa.uicui.edu.mx\/2026\/04\/27\/pequenos-gigantes-libro-infantil-que-invita-a-reflexionar-sobre-la-empatia-y-la-opresion\/","name":"pequenos-gigantes-libro-infantil-que-invita-a-reflexionar-sobre-la-empatia-y-la-opresion","thumbnail":{"url":"https:\/\/huellainformativa.uicui.edu.mx\/wp-content\/uploads\/2026\/04\/el-libro-infantil-pequenos-gigantes-llama-a-ser-empaticos-para-afrontar-la-opresion_d085fed3-9d29-4aab-96d6-829b4d0a9e4e_medialjnimgndimagefullsize.webp","alt":""},"title":"\u201cPeque\u00f1os gigantes\u201d: libro infantil que invita a reflexionar sobre la empat\u00eda y la opresi\u00f3n","excerpt":"","content":"Foto: cortes\u00eda de los autores y Cristina Rodr\u00edguez Por: Christopher Martinez Ciudad de M\u00e9xico.\u2014 El libro infantil Peque\u00f1os gigantes, escrito por Alfonso Ochoa e ilustrado","author":{"name":"HUELLA Informativa CUI","link":"https:\/\/huellainformativa.uicui.edu.mx\/author\/huellinformtivcui\/"},"date":"Abr 27, 2026","dateGMT":"2026-04-27 19:41:03","modifiedDate":"2026-04-27 19:41:03","modifiedDateGMT":"2026-04-27 19:41:03","commentCount":"0","commentStatus":"open","categories":{"coma":"<a href=\"https:\/\/huellainformativa.uicui.edu.mx\/category\/cultura\/\" rel=\"category tag\">Cultura<\/a>, <a href=\"https:\/\/huellainformativa.uicui.edu.mx\/category\/nacional\/\" rel=\"category tag\">Nacional<\/a>, <a href=\"https:\/\/huellainformativa.uicui.edu.mx\/category\/regional\/\" rel=\"category tag\">Regional<\/a>","space":"<a href=\"https:\/\/huellainformativa.uicui.edu.mx\/category\/cultura\/\" rel=\"category tag\">Cultura<\/a> <a href=\"https:\/\/huellainformativa.uicui.edu.mx\/category\/nacional\/\" rel=\"category tag\">Nacional<\/a> <a href=\"https:\/\/huellainformativa.uicui.edu.mx\/category\/regional\/\" rel=\"category tag\">Regional<\/a>"},"taxonomies":{"post_tag":""},"readTime":{"min":2,"sec":15},"status":"publish"},{"id":1622,"link":"https:\/\/huellainformativa.uicui.edu.mx\/2026\/04\/21\/el-universo-surrealista-de-leonora-carrington-cobra-vida-en-experiencia-inmersiva-en-la-ciudad-de-mexico\/","name":"el-universo-surrealista-de-leonora-carrington-cobra-vida-en-experiencia-inmersiva-en-la-ciudad-de-mexico","thumbnail":{"url":"https:\/\/huellainformativa.uicui.edu.mx\/wp-content\/uploads\/2026\/04\/leonora-carrington-mexico-foto-fb-consejo-leonora-carrington-ac-1.jpg","alt":""},"title":"El universo surrealista de Leonora Carrington cobra vida en experiencia inmersiva en la Ciudad de M\u00e9xico.","excerpt":"","content":"Por: Iris Adaly Osornio Huitr\u00f3n. Foto: FB Consejo Leonora Carrington AC. La Ciudad de M\u00e9xico suma una nueva propuesta cultural con la inauguraci\u00f3n de una","author":{"name":"HUELLA Informativa CUI","link":"https:\/\/huellainformativa.uicui.edu.mx\/author\/huellinformtivcui\/"},"date":"Abr 21, 2026","dateGMT":"2026-04-21 15:09:49","modifiedDate":"2026-04-21 15:09:49","modifiedDateGMT":"2026-04-21 15:09:49","commentCount":"0","commentStatus":"open","categories":{"coma":"<a href=\"https:\/\/huellainformativa.uicui.edu.mx\/category\/cultura\/\" rel=\"category tag\">Cultura<\/a>","space":"<a href=\"https:\/\/huellainformativa.uicui.edu.mx\/category\/cultura\/\" rel=\"category tag\">Cultura<\/a>"},"taxonomies":{"post_tag":""},"readTime":{"min":2,"sec":5},"status":"publish"},{"id":1539,"link":"https:\/\/huellainformativa.uicui.edu.mx\/2026\/04\/08\/adios-a-melchor-peredo-garcia-el-muralista-que-plasmo-su-legado-en-mexico-francia-y-paris\/","name":"adios-a-melchor-peredo-garcia-el-muralista-que-plasmo-su-legado-en-mexico-francia-y-paris","thumbnail":{"url":"https:\/\/huellainformativa.uicui.edu.mx\/wp-content\/uploads\/2026\/04\/MelchorPeredo.webp","alt":""},"title":"Adi\u00f3s a Melchor Peredo Garc\u00eda: El muralista que plasm\u00f3 su legado en M\u00e9xico, Francia y Par\u00eds","excerpt":"","content":"Por: Jocelyn Mendoza Cuevas Foto: YACONIC El mundo del arte mexicano est\u00e1 de luto tras el fallecimiento de Melchor Peredo Garc\u00eda, reconocido muralista y pintor","author":{"name":"HUELLA Informativa CUI","link":"https:\/\/huellainformativa.uicui.edu.mx\/author\/huellinformtivcui\/"},"date":"Abr 8, 2026","dateGMT":"2026-04-08 17:00:32","modifiedDate":"2026-04-08 17:01:03","modifiedDateGMT":"2026-04-08 17:01:03","commentCount":"0","commentStatus":"open","categories":{"coma":"<a href=\"https:\/\/huellainformativa.uicui.edu.mx\/category\/cultura\/\" rel=\"category tag\">Cultura<\/a>","space":"<a href=\"https:\/\/huellainformativa.uicui.edu.mx\/category\/cultura\/\" rel=\"category tag\">Cultura<\/a>"},"taxonomies":{"post_tag":""},"readTime":{"min":2,"sec":40},"status":"publish"},{"id":1456,"link":"https:\/\/huellainformativa.uicui.edu.mx\/2026\/03\/20\/se-apaga-una-leyenda-muere-chuck-norris-a-los-86-anos\/","name":"se-apaga-una-leyenda-muere-chuck-norris-a-los-86-anos","thumbnail":{"url":"https:\/\/huellainformativa.uicui.edu.mx\/wp-content\/uploads\/2026\/03\/81UsbUbU8EL.jpg","alt":""},"title":"Se apaga una leyenda: muere Chuck Norris a los 86 a\u00f1os","excerpt":"","content":"Version 1.0.0 Foto: Amazon Por: Christopher Martinez El mundo del entretenimiento est\u00e1 de luto. El reconocido actor y experto en artes marciales Chuck Norris muri\u00f3","author":{"name":"HUELLA Informativa CUI","link":"https:\/\/huellainformativa.uicui.edu.mx\/author\/huellinformtivcui\/"},"date":"Mar 20, 2026","dateGMT":"2026-03-20 19:53:17","modifiedDate":"2026-03-20 19:53:17","modifiedDateGMT":"2026-03-20 19:53:17","commentCount":"0","commentStatus":"open","categories":{"coma":"<a href=\"https:\/\/huellainformativa.uicui.edu.mx\/category\/cultura\/\" rel=\"category tag\">Cultura<\/a>, <a href=\"https:\/\/huellainformativa.uicui.edu.mx\/category\/internacional\/\" rel=\"category tag\">Internacional<\/a>","space":"<a href=\"https:\/\/huellainformativa.uicui.edu.mx\/category\/cultura\/\" rel=\"category tag\">Cultura<\/a> <a href=\"https:\/\/huellainformativa.uicui.edu.mx\/category\/internacional\/\" rel=\"category tag\">Internacional<\/a>"},"taxonomies":{"post_tag":""},"readTime":{"min":2,"sec":5},"status":"publish"},{"id":1452,"link":"https:\/\/huellainformativa.uicui.edu.mx\/2026\/03\/18\/todo-lo-que-revela-el-trailer-de-spider-man-brand-new-day\/","name":"todo-lo-que-revela-el-trailer-de-spider-man-brand-new-day","thumbnail":{"url":"https:\/\/huellainformativa.uicui.edu.mx\/wp-content\/uploads\/2026\/03\/Spider-Man-Brand-New-Day-trailer-guinos-referencias-easter-eggs.webp","alt":""},"title":"Todo lo que revela el tr\u00e1iler de Spider-Man: Brand New Day","excerpt":"","content":"Foto: mrhrundel Por: Christopher Martinez Marvel Studios dio a conocer el primer tr\u00e1iler oficial de Spider-Man: Brand New Day, la nueva pel\u00edcula en solitario del","author":{"name":"HUELLA Informativa CUI","link":"https:\/\/huellainformativa.uicui.edu.mx\/author\/huellinformtivcui\/"},"date":"Mar 18, 2026","dateGMT":"2026-03-18 20:07:15","modifiedDate":"2026-03-18 20:14:43","modifiedDateGMT":"2026-03-18 20:14:43","commentCount":"0","commentStatus":"open","categories":{"coma":"<a href=\"https:\/\/huellainformativa.uicui.edu.mx\/category\/cultura\/\" rel=\"category tag\">Cultura<\/a>","space":"<a href=\"https:\/\/huellainformativa.uicui.edu.mx\/category\/cultura\/\" rel=\"category tag\">Cultura<\/a>"},"taxonomies":{"post_tag":""},"readTime":{"min":2,"sec":0},"status":"publish"},{"id":1401,"link":"https:\/\/huellainformativa.uicui.edu.mx\/2026\/03\/05\/harry-styles-estrena-su-nuevo-disco-kiss-all-the-time-disco-occasionally-en-manchester-netflix\/","name":"harry-styles-estrena-su-nuevo-disco-kiss-all-the-time-disco-occasionally-en-manchester-netflix","thumbnail":{"url":"https:\/\/huellainformativa.uicui.edu.mx\/wp-content\/uploads\/2026\/03\/Gemini_Generated_Image_owiyp0owiyp0owiy.png","alt":""},"title":"Harry styles estrena su nuevo disco \u201cKiss all the time. Disco occasionally\u201d en Manchester (Netflix en vivo)","excerpt":"","content":"Foto: Instagram Harry Styles Por: Christopher Martinez Este viernes 6 de marzo en punto de las 00:00 hrs se estrenar\u00e1 el nuevo disco de Harry","author":{"name":"HUELLA Informativa CUI","link":"https:\/\/huellainformativa.uicui.edu.mx\/author\/huellinformtivcui\/"},"date":"Mar 5, 2026","dateGMT":"2026-03-05 21:52:21","modifiedDate":"2026-03-05 22:02:57","modifiedDateGMT":"2026-03-05 22:02:57","commentCount":"0","commentStatus":"open","categories":{"coma":"<a href=\"https:\/\/huellainformativa.uicui.edu.mx\/category\/cultura\/\" rel=\"category tag\">Cultura<\/a>","space":"<a href=\"https:\/\/huellainformativa.uicui.edu.mx\/category\/cultura\/\" rel=\"category tag\">Cultura<\/a>"},"taxonomies":{"post_tag":""},"readTime":{"min":1,"sec":34},"status":"publish"},{"id":1339,"link":"https:\/\/huellainformativa.uicui.edu.mx\/2026\/02\/03\/shady-se-corona-bicampeon-de-freestyle-en-las-hipnosis-battles-de-toluca\/","name":"shady-se-corona-bicampeon-de-freestyle-en-las-hipnosis-battles-de-toluca","thumbnail":{"url":"https:\/\/huellainformativa.uicui.edu.mx\/wp-content\/uploads\/2026\/02\/Captura-de-pantalla-2026-02-03-140106.png","alt":""},"title":"Shady se corona bicampe\u00f3n de Freestyle en las Hipnosis Battles de Toluca","excerpt":"","content":"Por: Yahir Gonz\u00e1lez El pasado s\u00e1bado, el Parque de las Ciencias de Toluca se transform\u00f3 en el escenario principal del rap improvisado con la celebraci\u00f3n","author":{"name":"HUELLA Informativa CUI","link":"https:\/\/huellainformativa.uicui.edu.mx\/author\/huellinformtivcui\/"},"date":"Feb 3, 2026","dateGMT":"2026-02-03 20:05:12","modifiedDate":"2026-02-03 20:05:12","modifiedDateGMT":"2026-02-03 20:05:12","commentCount":"0","commentStatus":"open","categories":{"coma":"<a href=\"https:\/\/huellainformativa.uicui.edu.mx\/category\/cultura\/\" rel=\"category tag\">Cultura<\/a>","space":"<a href=\"https:\/\/huellainformativa.uicui.edu.mx\/category\/cultura\/\" rel=\"category tag\">Cultura<\/a>"},"taxonomies":{"post_tag":""},"readTime":{"min":1,"sec":11},"status":"publish"},{"id":1336,"link":"https:\/\/huellainformativa.uicui.edu.mx\/2026\/02\/03\/hitos-rimas-y-consignas-la-noche-en-que-los-grammy-2026-desafiaron-el-guion\/","name":"hitos-rimas-y-consignas-la-noche-en-que-los-grammy-2026-desafiaron-el-guion","thumbnail":{"url":"https:\/\/huellainformativa.uicui.edu.mx\/wp-content\/uploads\/2026\/02\/bad-bunny-album-ano-grammy.jpg","alt":""},"title":"Hitos, rimas y consignas: la noche en que los Grammy 2026 desafiaron el guion","excerpt":"","content":"Por: Yahir Gonz\u00e1lez La 68\u00aa edici\u00f3n de los Premios Grammy no ser\u00e1 recordada \u00fanicamente por la m\u00fasica, sino por ser una de las galas m\u00e1s","author":{"name":"HUELLA Informativa CUI","link":"https:\/\/huellainformativa.uicui.edu.mx\/author\/huellinformtivcui\/"},"date":"Feb 3, 2026","dateGMT":"2026-02-03 19:17:21","modifiedDate":"2026-02-03 19:17:21","modifiedDateGMT":"2026-02-03 19:17:21","commentCount":"0","commentStatus":"open","categories":{"coma":"<a href=\"https:\/\/huellainformativa.uicui.edu.mx\/category\/cultura\/\" rel=\"category tag\">Cultura<\/a>","space":"<a href=\"https:\/\/huellainformativa.uicui.edu.mx\/category\/cultura\/\" rel=\"category tag\">Cultura<\/a>"},"taxonomies":{"post_tag":""},"readTime":{"min":1,"sec":51},"status":"publish"},{"id":1295,"link":"https:\/\/huellainformativa.uicui.edu.mx\/2026\/01\/22\/la-academia-oficializa-las-nominaciones-de-2026-emma-stone-y-bugonia-consolidan-su-presencia\/","name":"la-academia-oficializa-las-nominaciones-de-2026-emma-stone-y-bugonia-consolidan-su-presencia","thumbnail":{"url":"https:\/\/huellainformativa.uicui.edu.mx\/wp-content\/uploads\/2026\/01\/Imagen5.jpg","alt":""},"title":"La Academia oficializa las nominaciones de 2026: Emma Stone y Bugonia consolidan su presencia.","excerpt":"","content":"Por: Yahir Gonz\u00e1lez La Academia de Artes y Ciencias Cinematogr\u00e1ficas ha anunciado hoy la lista de nominados para la 98.\u00aa edici\u00f3n de los Premios Oscar,","author":{"name":"HUELLA Informativa CUI","link":"https:\/\/huellainformativa.uicui.edu.mx\/author\/huellinformtivcui\/"},"date":"Ene 22, 2026","dateGMT":"2026-01-22 23:25:28","modifiedDate":"2026-01-22 23:26:56","modifiedDateGMT":"2026-01-22 23:26:56","commentCount":"0","commentStatus":"open","categories":{"coma":"<a href=\"https:\/\/huellainformativa.uicui.edu.mx\/category\/cultura\/\" rel=\"category tag\">Cultura<\/a>","space":"<a href=\"https:\/\/huellainformativa.uicui.edu.mx\/category\/cultura\/\" rel=\"category tag\">Cultura<\/a>"},"taxonomies":{"post_tag":""},"readTime":{"min":1,"sec":52},"status":"publish"}]
