
[{"id":2015,"link":"https:\/\/huellainformativa.uicui.edu.mx\/2026\/09\/01\/la-inundacion-en-nepal-y-china-ha-dejado-mas-de-1000-muertos-y-mas-de-4200-personas-desaparecidas\/","name":"la-inundacion-en-nepal-y-china-ha-dejado-mas-de-1000-muertos-y-mas-de-4200-personas-desaparecidas","thumbnail":{"url":"https:\/\/huellainformativa.uicui.edu.mx\/wp-content\/uploads\/2026\/09\/fotografia-nepal.webp","alt":""},"title":"La inundaci\u00f3n en Nepal y China ha dejado m\u00e1s de 1000 muertos y m\u00e1s de 4200 personas desaparecidas","excerpt":"","content":"Por: Denis Catarino Los equipos de seguridad contin\u00faan con la b\u00fasqueda entre el lodo, las rocas y los escombros en Nepal y China a los","author":{"name":"HUELLA Informativa CUI","link":"https:\/\/huellainformativa.uicui.edu.mx\/author\/huellinformtivcui\/"},"date":"Sep 1, 2026","dateGMT":"2026-09-01 17:05:53","modifiedDate":"2026-09-01 17:05:53","modifiedDateGMT":"2026-09-01 17:05:53","commentCount":"0","commentStatus":"open","categories":{"coma":"<a href=\"https:\/\/huellainformativa.uicui.edu.mx\/category\/internacional\/\" rel=\"category tag\">Internacional<\/a>","space":"<a href=\"https:\/\/huellainformativa.uicui.edu.mx\/category\/internacional\/\" rel=\"category tag\">Internacional<\/a>"},"taxonomies":{"post_tag":""},"readTime":{"min":1,"sec":15},"status":"publish"},{"id":2005,"link":"https:\/\/huellainformativa.uicui.edu.mx\/2026\/08\/27\/nepal-enfrenta-una-tragedia-tras-las-fuertes-inundaciones\/","name":"nepal-enfrenta-una-tragedia-tras-las-fuertes-inundaciones","thumbnail":{"url":"https:\/\/huellainformativa.uicui.edu.mx\/wp-content\/uploads\/2026\/08\/nenene.png","alt":""},"title":"Nepal enfrenta una tragedia tras las fuertes inundaciones","excerpt":"","content":"Por: Sara Lucia Tellez Lucho \u00a0Foto: Reuters Nepal est\u00e1 pasando por un momento muy complicado despu\u00e9s de las fuertes inundaciones que se registraron en los","author":{"name":"HUELLA Informativa CUI","link":"https:\/\/huellainformativa.uicui.edu.mx\/author\/huellinformtivcui\/"},"date":"Ago 27, 2026","dateGMT":"2026-08-27 18:34:35","modifiedDate":"2026-08-27 18:34:35","modifiedDateGMT":"2026-08-27 18:34:35","commentCount":"0","commentStatus":"open","categories":{"coma":"<a href=\"https:\/\/huellainformativa.uicui.edu.mx\/category\/internacional\/\" rel=\"category tag\">Internacional<\/a>","space":"<a href=\"https:\/\/huellainformativa.uicui.edu.mx\/category\/internacional\/\" rel=\"category tag\">Internacional<\/a>"},"taxonomies":{"post_tag":""},"readTime":{"min":2,"sec":24},"status":"publish"},{"id":1996,"link":"https:\/\/huellainformativa.uicui.edu.mx\/2026\/08\/26\/tragedia-en-el-himalaya-una-avalancha-e-inundaciones-repentinas-sacuden-la-frontera-entre-nepal-y-el-tibet\/","name":"tragedia-en-el-himalaya-una-avalancha-e-inundaciones-repentinas-sacuden-la-frontera-entre-nepal-y-el-tibet","thumbnail":{"url":"https:\/\/huellainformativa.uicui.edu.mx\/wp-content\/uploads\/2026\/08\/fda7a83a-9588-4be6-8607-92bb784a62cf.jpg","alt":""},"title":"Tragedia en el Himalaya: Una avalancha e inundaciones repentinas sacuden la frontera entre Nepal y el T\u00edbet","excerpt":"","content":"Por: Yahir Gonz\u00e1lez Lo que empez\u00f3 como una jornada normal en la cordillera m\u00e1s alta del mundo se convirti\u00f3 en una emergencia internacional. Hoy se","author":{"name":"HUELLA Informativa CUI","link":"https:\/\/huellainformativa.uicui.edu.mx\/author\/huellinformtivcui\/"},"date":"Ago 26, 2026","dateGMT":"2026-08-26 19:10:39","modifiedDate":"2026-08-26 19:10:39","modifiedDateGMT":"2026-08-26 19:10:39","commentCount":"0","commentStatus":"open","categories":{"coma":"<a href=\"https:\/\/huellainformativa.uicui.edu.mx\/category\/internacional\/\" rel=\"category tag\">Internacional<\/a>","space":"<a href=\"https:\/\/huellainformativa.uicui.edu.mx\/category\/internacional\/\" rel=\"category tag\">Internacional<\/a>"},"taxonomies":{"post_tag":""},"readTime":{"min":1,"sec":28},"status":"publish"},{"id":1989,"link":"https:\/\/huellainformativa.uicui.edu.mx\/2026\/08\/20\/terremoto-de-7-2-sacude-la-zona-andina-de-peru\/","name":"terremoto-de-7-2-sacude-la-zona-andina-de-peru","thumbnail":{"url":"https:\/\/huellainformativa.uicui.edu.mx\/wp-content\/uploads\/2026\/08\/19-int-peru-quake-lbmp-videoSixteenByNine3000-scaled.jpg","alt":""},"title":"Terremoto de 7.2 sacude la zona andina de Per\u00fa","excerpt":"","content":"Por: Yosef Torres El pasado jueves 20 de agosto, un sismo de magnitud 7.2 sacudi\u00f3 Ayacucho y varias regiones del sur del Per\u00fa; las autoridades","author":{"name":"HUELLA Informativa CUI","link":"https:\/\/huellainformativa.uicui.edu.mx\/author\/huellinformtivcui\/"},"date":"Ago 20, 2026","dateGMT":"2026-08-20 22:12:22","modifiedDate":"2026-08-20 22:12:22","modifiedDateGMT":"2026-08-20 22:12:22","commentCount":"0","commentStatus":"open","categories":{"coma":"<a href=\"https:\/\/huellainformativa.uicui.edu.mx\/category\/internacional\/\" rel=\"category tag\">Internacional<\/a>","space":"<a href=\"https:\/\/huellainformativa.uicui.edu.mx\/category\/internacional\/\" rel=\"category tag\">Internacional<\/a>"},"taxonomies":{"post_tag":""},"readTime":{"min":1,"sec":34},"status":"publish"},{"id":1977,"link":"https:\/\/huellainformativa.uicui.edu.mx\/2026\/08\/18\/nuevamente-un-sismo-de-magnitud-4-8-sacude-granada-espana-obligando-desalojos-en-vivencias-y-comercios\/","name":"nuevamente-un-sismo-de-magnitud-4-8-sacude-granada-espana-obligando-desalojos-en-vivencias-y-comercios","thumbnail":{"url":"https:\/\/huellainformativa.uicui.edu.mx\/wp-content\/uploads\/2026\/08\/temblor-espana-hoy-18-agosto-2026-1920x1080-copia.jpg","alt":""},"title":"Nuevamente un sismo de magnitud 4.8 sacude Granada, Espa\u00f1a; obligando desalojos en vivencias y comercios.","excerpt":"","content":"Foto: Reuters Por: Denis Catarino Este martes a las 10:37 horas se registro un terremoto de magnitud 4.8 en la provincia de Granada, Espa\u00f1a, con","author":{"name":"HUELLA Informativa CUI","link":"https:\/\/huellainformativa.uicui.edu.mx\/author\/huellinformtivcui\/"},"date":"Ago 18, 2026","dateGMT":"2026-08-18 16:39:54","modifiedDate":"2026-08-18 16:39:54","modifiedDateGMT":"2026-08-18 16:39:54","commentCount":"0","commentStatus":"open","categories":{"coma":"<a href=\"https:\/\/huellainformativa.uicui.edu.mx\/category\/internacional\/\" rel=\"category tag\">Internacional<\/a>","space":"<a href=\"https:\/\/huellainformativa.uicui.edu.mx\/category\/internacional\/\" rel=\"category tag\">Internacional<\/a>"},"taxonomies":{"post_tag":""},"readTime":{"min":1,"sec":7},"status":"publish"},{"id":1974,"link":"https:\/\/huellainformativa.uicui.edu.mx\/2026\/08\/17\/trump-ordena-reducir-ejercicios-militares-con-corea-del-sur-tras-rechazo-a-participar-en-acciones-contra-iran\/","name":"trump-ordena-reducir-ejercicios-militares-con-corea-del-sur-tras-rechazo-a-participar-en-acciones-contra-iran","thumbnail":{"url":"https:\/\/huellainformativa.uicui.edu.mx\/wp-content\/uploads\/2026\/08\/donald.jpg","alt":""},"title":"Trump ordena reducir ejercicios militares con Corea del Sur tras rechazo a participar en acciones contra Ir\u00e1n","excerpt":"","content":"Por: Sara Lucia Tellez Lucho Foto: Shealah Craighead El presidente de Estados Unidos, Donald Trump, orden\u00f3 al Pent\u00e1gono reducir de manera importante los ejercicios militares","author":{"name":"HUELLA Informativa CUI","link":"https:\/\/huellainformativa.uicui.edu.mx\/author\/huellinformtivcui\/"},"date":"Ago 17, 2026","dateGMT":"2026-08-17 17:49:59","modifiedDate":"2026-08-17 17:49:59","modifiedDateGMT":"2026-08-17 17:49:59","commentCount":"0","commentStatus":"open","categories":{"coma":"<a href=\"https:\/\/huellainformativa.uicui.edu.mx\/category\/internacional\/\" rel=\"category tag\">Internacional<\/a>","space":"<a href=\"https:\/\/huellainformativa.uicui.edu.mx\/category\/internacional\/\" rel=\"category tag\">Internacional<\/a>"},"taxonomies":{"post_tag":""},"readTime":{"min":2,"sec":7},"status":"publish"},{"id":1971,"link":"https:\/\/huellainformativa.uicui.edu.mx\/2026\/08\/14\/paises-latinoamericanos-se-unen-a-estados-unidos-para-ejecutar-ataques-contra-narcos\/","name":"paises-latinoamericanos-se-unen-a-estados-unidos-para-ejecutar-ataques-contra-narcos","thumbnail":{"url":"https:\/\/huellainformativa.uicui.edu.mx\/wp-content\/uploads\/2026\/08\/narcos.jpg","alt":""},"title":"Pa\u00edses latinoamericanos se unen a Estados Unidos para ejecutar ataques contra narcos.","excerpt":"","content":"Por: Yosef Torres El gobierno del presidente Donald Trump lanz\u00f3 en septiembre del a\u00f1o pasado una campa\u00f1a de bombardeos a\u00e9reos contra presuntas lanchas de narcotr\u00e1fico","author":{"name":"HUELLA Informativa CUI","link":"https:\/\/huellainformativa.uicui.edu.mx\/author\/huellinformtivcui\/"},"date":"Ago 14, 2026","dateGMT":"2026-08-14 22:42:26","modifiedDate":"2026-08-14 22:42:26","modifiedDateGMT":"2026-08-14 22:42:26","commentCount":"0","commentStatus":"open","categories":{"coma":"<a href=\"https:\/\/huellainformativa.uicui.edu.mx\/category\/internacional\/\" rel=\"category tag\">Internacional<\/a>","space":"<a href=\"https:\/\/huellainformativa.uicui.edu.mx\/category\/internacional\/\" rel=\"category tag\">Internacional<\/a>"},"taxonomies":{"post_tag":""},"readTime":{"min":1,"sec":16},"status":"publish"},{"id":1967,"link":"https:\/\/huellainformativa.uicui.edu.mx\/2026\/08\/14\/sheinbaum-respalda-a-andy-lopez-beltran-y-descarta-investigacion-en-mexico\/","name":"sheinbaum-respalda-a-andy-lopez-beltran-y-descarta-investigacion-en-mexico","thumbnail":{"url":"https:\/\/huellainformativa.uicui.edu.mx\/wp-content\/uploads\/2026\/08\/calb.png","alt":""},"title":"Sheinbaum respalda a Andy L\u00f3pez Beltr\u00e1n y descarta investigaci\u00f3n en M\u00e9xico","excerpt":"","content":"Por: Sara Lucia Tellez Lucho Foto: Mario Guzman (EFE) La presidente Claudia Sheinbaum sali\u00f3 en defensa de Andr\u00e9s Manuel L\u00f3pez Beltr\u00e1n, hijo del expresidente Andr\u00e9s","author":{"name":"HUELLA Informativa CUI","link":"https:\/\/huellainformativa.uicui.edu.mx\/author\/huellinformtivcui\/"},"date":"Ago 14, 2026","dateGMT":"2026-08-14 19:38:16","modifiedDate":"2026-08-14 19:38:16","modifiedDateGMT":"2026-08-14 19:38:16","commentCount":"0","commentStatus":"open","categories":{"coma":"<a href=\"https:\/\/huellainformativa.uicui.edu.mx\/category\/internacional\/\" rel=\"category tag\">Internacional<\/a>","space":"<a href=\"https:\/\/huellainformativa.uicui.edu.mx\/category\/internacional\/\" rel=\"category tag\">Internacional<\/a>"},"taxonomies":{"post_tag":""},"readTime":{"min":2,"sec":37},"status":"publish"},{"id":1964,"link":"https:\/\/huellainformativa.uicui.edu.mx\/2026\/08\/13\/rostro-de-erling-haaland-aparece-en-cargamento-de-cocaina-incautado-en-ecuador\/","name":"rostro-de-erling-haaland-aparece-en-cargamento-de-cocaina-incautado-en-ecuador","thumbnail":{"url":"https:\/\/huellainformativa.uicui.edu.mx\/wp-content\/uploads\/2026\/08\/IW7J7I4P5RGUTHZCVVXXFXMSAE.jpeg","alt":""},"title":"Rostro de Erling Haaland aparece en cargamento de coca\u00edna incautado en Ecuador","excerpt":"","content":"Foto: Polic\u00eda Nacional Por: Christopher Martinez El rostro del delantero noruego Erling Haaland apareci\u00f3 estampado en paquetes de coca\u00edna decomisados por la Polic\u00eda de Ecuador","author":{"name":"HUELLA Informativa CUI","link":"https:\/\/huellainformativa.uicui.edu.mx\/author\/huellinformtivcui\/"},"date":"Ago 13, 2026","dateGMT":"2026-08-13 22:47:00","modifiedDate":"2026-08-13 22:47:23","modifiedDateGMT":"2026-08-13 22:47:23","commentCount":"0","commentStatus":"open","categories":{"coma":"<a href=\"https:\/\/huellainformativa.uicui.edu.mx\/category\/internacional\/\" rel=\"category tag\">Internacional<\/a>","space":"<a href=\"https:\/\/huellainformativa.uicui.edu.mx\/category\/internacional\/\" rel=\"category tag\">Internacional<\/a>"},"taxonomies":{"post_tag":""},"readTime":{"min":2,"sec":3},"status":"publish"},{"id":1945,"link":"https:\/\/huellainformativa.uicui.edu.mx\/2026\/08\/11\/las-cifras-de-muertos-y-heridos-siguen-aumentando-tras-terremoto-en-colombia\/","name":"las-cifras-de-muertos-y-heridos-siguen-aumentando-tras-terremoto-en-colombia","thumbnail":{"url":"https:\/\/huellainformativa.uicui.edu.mx\/wp-content\/uploads\/2026\/08\/sismo-terremoto-Colombia-1160x700-1.jpg","alt":""},"title":"Las cifras de muertos y heridos siguen aumentando tras terremoto en Colombia","excerpt":"","content":"Por: Denis Catarino Hay al menos 240 muertos y m\u00e1s de 2.500 heridos tras el fuerte terremoto de magnitud 7,4 que sacudi\u00f3 Colombia este lunes,","author":{"name":"HUELLA Informativa CUI","link":"https:\/\/huellainformativa.uicui.edu.mx\/author\/huellinformtivcui\/"},"date":"Ago 11, 2026","dateGMT":"2026-08-11 20:00:36","modifiedDate":"2026-08-11 20:00:36","modifiedDateGMT":"2026-08-11 20:00:36","commentCount":"0","commentStatus":"open","categories":{"coma":"<a href=\"https:\/\/huellainformativa.uicui.edu.mx\/category\/internacional\/\" rel=\"category tag\">Internacional<\/a>","space":"<a href=\"https:\/\/huellainformativa.uicui.edu.mx\/category\/internacional\/\" rel=\"category tag\">Internacional<\/a>"},"taxonomies":{"post_tag":""},"readTime":{"min":0,"sec":51},"status":"publish"},{"id":1938,"link":"https:\/\/huellainformativa.uicui.edu.mx\/2026\/08\/10\/canada-continua-en-estado-de-emergencia-por-voraz-incendio-se-registran-mas-de-20000-evacuados\/","name":"canada-continua-en-estado-de-emergencia-por-voraz-incendio-se-registran-mas-de-20000-evacuados","thumbnail":{"url":"https:\/\/huellainformativa.uicui.edu.mx\/wp-content\/uploads\/2026\/08\/AMN-GEN_CANADA-INCENDIOS_03279-scaled.jpg","alt":""},"title":"Canad\u00e1 continua en estado de emergencia por voraz incendio; se registran m\u00e1s de 20,000 evacuados.","excerpt":"","content":"Foto:AMN-GEN CANAD\u00c1-INCENDIOS\u00a0(AP) Por: Denis Catarino Columbia Brit\u00e1nica las autoridades declararon el estado en emergencia por el r\u00e1pido avance de llamas, que han destruido viviendas y","author":{"name":"HUELLA Informativa CUI","link":"https:\/\/huellainformativa.uicui.edu.mx\/author\/huellinformtivcui\/"},"date":"Ago 10, 2026","dateGMT":"2026-08-10 23:13:04","modifiedDate":"2026-08-10 23:13:04","modifiedDateGMT":"2026-08-10 23:13:04","commentCount":"0","commentStatus":"open","categories":{"coma":"<a href=\"https:\/\/huellainformativa.uicui.edu.mx\/category\/internacional\/\" rel=\"category tag\">Internacional<\/a>","space":"<a href=\"https:\/\/huellainformativa.uicui.edu.mx\/category\/internacional\/\" rel=\"category tag\">Internacional<\/a>"},"taxonomies":{"post_tag":""},"readTime":{"min":1,"sec":0},"status":"publish"},{"id":1932,"link":"https:\/\/huellainformativa.uicui.edu.mx\/2026\/08\/10\/terremoto-en-colombia-confirma-al-menos-20-muertos-y-personas-atrapadas-en-los-edificios-colapsados\/","name":"terremoto-en-colombia-confirma-al-menos-20-muertos-y-personas-atrapadas-en-los-edificios-colapsados","thumbnail":{"url":"https:\/\/huellainformativa.uicui.edu.mx\/wp-content\/uploads\/2026\/08\/Danos-edificio-colombia-hoy-temblor-1024x683-1.webp","alt":""},"title":"Terremoto en Colombia confirma al menos 20 muertos y personas atrapadas en los edificios colapsados","excerpt":"","content":"Foto: AFP Por: Denis Catarino La ma\u00f1ana de este lunes un terremoto de 7.4 se registr\u00f3 en Colombia dejando 20 personas muertas, mientras se reportan","author":{"name":"HUELLA Informativa CUI","link":"https:\/\/huellainformativa.uicui.edu.mx\/author\/huellinformtivcui\/"},"date":"Ago 10, 2026","dateGMT":"2026-08-10 15:58:16","modifiedDate":"2026-08-10 15:58:16","modifiedDateGMT":"2026-08-10 15:58:16","commentCount":"0","commentStatus":"open","categories":{"coma":"<a href=\"https:\/\/huellainformativa.uicui.edu.mx\/category\/internacional\/\" rel=\"category tag\">Internacional<\/a>","space":"<a href=\"https:\/\/huellainformativa.uicui.edu.mx\/category\/internacional\/\" rel=\"category tag\">Internacional<\/a>"},"taxonomies":{"post_tag":""},"readTime":{"min":1,"sec":12},"status":"publish"}]
