[{"id":2021,"link":"https:\/\/huellainformativa.uicui.edu.mx\/2026\/09\/02\/la-rebelion-silenciosa-de-las-maquinas-como-china-reescribe-el-futuro-de-la-industria-global\/","name":"la-rebelion-silenciosa-de-las-maquinas-como-china-reescribe-el-futuro-de-la-industria-global","thumbnail":{"url":"https:\/\/huellainformativa.uicui.edu.mx\/wp-content\/uploads\/2026\/09\/b440e33a6a507333d806230bd018ad1084feab8b.jpg","alt":""},"title":"La rebeli\u00f3n silenciosa de las m\u00e1quinas: C\u00f3mo China reescribe el futuro de la industria global","excerpt":"","content":"Por: Yahir Gonz\u00e1lez \"Me echo una siesta y el mundo cambia\", dice Chen Tianyu, de 28 a\u00f1os. Este profesor universitario dedica su tiempo libre a","author":{"name":"HUELLA Informativa CUI","link":"https:\/\/huellainformativa.uicui.edu.mx\/author\/huellinformtivcui\/"},"date":"Sep 2, 2026","dateGMT":"2026-09-02 20:05:27","modifiedDate":"2026-09-02 20:05:27","modifiedDateGMT":"2026-09-02 20:05:27","commentCount":"0","commentStatus":"open","categories":{"coma":"<a href=\"https:\/\/huellainformativa.uicui.edu.mx\/category\/ciencia-y-tecnologia\/\" rel=\"category tag\">Ciencia y Tecnolog\u00eda<\/a>","space":"<a href=\"https:\/\/huellainformativa.uicui.edu.mx\/category\/ciencia-y-tecnologia\/\" rel=\"category tag\">Ciencia y Tecnolog\u00eda<\/a>"},"taxonomies":{"post_tag":""},"readTime":{"min":2,"sec":34},"status":"publish"},{"id":2018,"link":"https:\/\/huellainformativa.uicui.edu.mx\/2026\/09\/01\/explosion-en-la-comandancia-de-ojocaliente-deja-11-heridos-y-obliga-a-suspender-la-feria-regional-en-zacatecas\/","name":"explosion-en-la-comandancia-de-ojocaliente-deja-11-heridos-y-obliga-a-suspender-la-feria-regional-en-zacatecas","thumbnail":{"url":"https:\/\/huellainformativa.uicui.edu.mx\/wp-content\/uploads\/2026\/09\/gettyimages-2292395956.webp","alt":""},"title":"Explosi\u00f3n en la comandancia de Ojocaliente deja 11 heridos y obliga a suspender la Feria Regional en Zacatecas","excerpt":"","content":"Por: Yahir Gonz\u00e1lez La noche del pasado domingo 30 de agosto de 2026, el municipio de Ojocaliente, Zacatecas, sufri\u00f3 un violento ataque tras la detonaci\u00f3n","author":{"name":"HUELLA Informativa CUI","link":"https:\/\/huellainformativa.uicui.edu.mx\/author\/huellinformtivcui\/"},"date":"Sep 1, 2026","dateGMT":"2026-09-01 19:20:43","modifiedDate":"2026-09-01 19:20:43","modifiedDateGMT":"2026-09-01 19:20:43","commentCount":"0","commentStatus":"open","categories":{"coma":"<a href=\"https:\/\/huellainformativa.uicui.edu.mx\/category\/nacional\/\" rel=\"category tag\">Nacional<\/a>","space":"<a href=\"https:\/\/huellainformativa.uicui.edu.mx\/category\/nacional\/\" rel=\"category tag\">Nacional<\/a>"},"taxonomies":{"post_tag":""},"readTime":{"min":1,"sec":31},"status":"publish"},{"id":2015,"link":"https:\/\/huellainformativa.uicui.edu.mx\/2026\/09\/01\/la-inundacion-en-nepal-y-china-ha-dejado-mas-de-1000-muertos-y-mas-de-4200-personas-desaparecidas\/","name":"la-inundacion-en-nepal-y-china-ha-dejado-mas-de-1000-muertos-y-mas-de-4200-personas-desaparecidas","thumbnail":{"url":"https:\/\/huellainformativa.uicui.edu.mx\/wp-content\/uploads\/2026\/09\/fotografia-nepal.webp","alt":""},"title":"La inundaci\u00f3n en Nepal y China ha dejado m\u00e1s de 1000 muertos y m\u00e1s de 4200 personas desaparecidas","excerpt":"","content":"Por: Denis Catarino Los equipos de seguridad contin\u00faan con la b\u00fasqueda entre el lodo, las rocas y los escombros en Nepal y China a los","author":{"name":"HUELLA Informativa CUI","link":"https:\/\/huellainformativa.uicui.edu.mx\/author\/huellinformtivcui\/"},"date":"Sep 1, 2026","dateGMT":"2026-09-01 17:05:53","modifiedDate":"2026-09-01 17:05:53","modifiedDateGMT":"2026-09-01 17:05:53","commentCount":"0","commentStatus":"open","categories":{"coma":"<a href=\"https:\/\/huellainformativa.uicui.edu.mx\/category\/internacional\/\" rel=\"category tag\">Internacional<\/a>","space":"<a href=\"https:\/\/huellainformativa.uicui.edu.mx\/category\/internacional\/\" rel=\"category tag\">Internacional<\/a>"},"taxonomies":{"post_tag":""},"readTime":{"min":1,"sec":15},"status":"publish"},{"id":2011,"link":"https:\/\/huellainformativa.uicui.edu.mx\/2026\/08\/29\/inundaciones-en-la-frontera-de-nepal-y-tibet-causan-perdidas-humanas-estimadas-en-392-muertos-y-mas-de-un-millar-de-desaparecidos\/","name":"inundaciones-en-la-frontera-de-nepal-y-tibet-causan-perdidas-humanas-estimadas-en-392-muertos-y-mas-de-un-millar-de-desaparecidos","thumbnail":{"url":"https:\/\/huellainformativa.uicui.edu.mx\/wp-content\/uploads\/2026\/08\/inundaciones-nepal-foto-de-Niranjan-Shrestha-AP-1200x800-1.jpg","alt":""},"title":"Inundaciones en la frontera de Nepal y Tibet causan p\u00e9rdidas humanas estimadas en 392 muertos y m\u00e1s de un millar de desaparecidos.","excerpt":"","content":"Foto: Niranjan Shrestha Por: Yosef Torres Los enormes deslizamientos de tierra y las inundaciones repentinas en la frontera entre Nepal y T\u00edbet han causado da\u00f1os","author":{"name":"HUELLA Informativa CUI","link":"https:\/\/huellainformativa.uicui.edu.mx\/author\/huellinformtivcui\/"},"date":"Ago 29, 2026","dateGMT":"2026-08-29 00:14:08","modifiedDate":"2026-08-29 00:14:08","modifiedDateGMT":"2026-08-29 00:14:08","commentCount":"0","commentStatus":"open","categories":{"coma":"<a href=\"https:\/\/huellainformativa.uicui.edu.mx\/category\/nacional\/\" rel=\"category tag\">Nacional<\/a>","space":"<a href=\"https:\/\/huellainformativa.uicui.edu.mx\/category\/nacional\/\" rel=\"category tag\">Nacional<\/a>"},"taxonomies":{"post_tag":""},"readTime":{"min":1,"sec":57},"status":"publish"},{"id":2008,"link":"https:\/\/huellainformativa.uicui.edu.mx\/2026\/08\/27\/estados-unidos-inicia-investigaciones-de-presuntos-nexos-de-ruben-rocha-y-americo-villarreal-con-el-crimen-organizado\/","name":"estados-unidos-inicia-investigaciones-de-presuntos-nexos-de-ruben-rocha-y-americo-villarreal-con-el-crimen-organizado","thumbnail":{"url":"https:\/\/huellainformativa.uicui.edu.mx\/wp-content\/uploads\/2026\/08\/rocha-moya-investigacion-eua-1920x1080-1.jpg","alt":""},"title":"Estados Unidos inicia investigaciones de presuntos nexos de Rub\u00e9n Rocha y Am\u00e9rico Villarreal con el crimen organizado.","excerpt":"","content":"Por: Yosef Torres Las agencias CIA, DEA y DHS abrieron expedientes en contra del gobernador de Sinaloa y del de Tamaulipas por lavado de dinero","author":{"name":"HUELLA Informativa CUI","link":"https:\/\/huellainformativa.uicui.edu.mx\/author\/huellinformtivcui\/"},"date":"Ago 27, 2026","dateGMT":"2026-08-27 23:19:00","modifiedDate":"2026-08-27 23:19:00","modifiedDateGMT":"2026-08-27 23:19:00","commentCount":"0","commentStatus":"open","categories":{"coma":"<a href=\"https:\/\/huellainformativa.uicui.edu.mx\/category\/nacional\/\" rel=\"category tag\">Nacional<\/a>","space":"<a href=\"https:\/\/huellainformativa.uicui.edu.mx\/category\/nacional\/\" rel=\"category tag\">Nacional<\/a>"},"taxonomies":{"post_tag":""},"readTime":{"min":1,"sec":27},"status":"publish"},{"id":2005,"link":"https:\/\/huellainformativa.uicui.edu.mx\/2026\/08\/27\/nepal-enfrenta-una-tragedia-tras-las-fuertes-inundaciones\/","name":"nepal-enfrenta-una-tragedia-tras-las-fuertes-inundaciones","thumbnail":{"url":"https:\/\/huellainformativa.uicui.edu.mx\/wp-content\/uploads\/2026\/08\/nenene.png","alt":""},"title":"Nepal enfrenta una tragedia tras las fuertes inundaciones","excerpt":"","content":"Por: Sara Lucia Tellez Lucho \u00a0Foto: Reuters Nepal est\u00e1 pasando por un momento muy complicado despu\u00e9s de las fuertes inundaciones que se registraron en los","author":{"name":"HUELLA Informativa CUI","link":"https:\/\/huellainformativa.uicui.edu.mx\/author\/huellinformtivcui\/"},"date":"Ago 27, 2026","dateGMT":"2026-08-27 18:34:35","modifiedDate":"2026-08-27 18:34:35","modifiedDateGMT":"2026-08-27 18:34:35","commentCount":"0","commentStatus":"open","categories":{"coma":"<a href=\"https:\/\/huellainformativa.uicui.edu.mx\/category\/internacional\/\" rel=\"category tag\">Internacional<\/a>","space":"<a href=\"https:\/\/huellainformativa.uicui.edu.mx\/category\/internacional\/\" rel=\"category tag\">Internacional<\/a>"},"taxonomies":{"post_tag":""},"readTime":{"min":2,"sec":24},"status":"publish"},{"id":2002,"link":"https:\/\/huellainformativa.uicui.edu.mx\/2026\/08\/26\/detienen-a-dos-por-suplantar-a-aspirantes-en-examen-de-admision-de-la-unam\/","name":"detienen-a-dos-por-suplantar-a-aspirantes-en-examen-de-admision-de-la-unam","thumbnail":{"url":"https:\/\/huellainformativa.uicui.edu.mx\/wp-content\/uploads\/2026\/08\/JIRDZXSOZZCP3JXA7Y72LXCJQM.png","alt":""},"title":"Detienen a dos por suplantar a aspirantes en examen de admisi\u00f3n de la UNAM","excerpt":"","content":"Foto: FGJCDMX Por: Christopher Martinez La Fiscal\u00eda General de Justicia de la Ciudad de M\u00e9xico (FGJCDMX) detuvo a Edgar \u201cN\u201d y David \u201cN\u201d, se\u00f1alados por","author":{"name":"HUELLA Informativa CUI","link":"https:\/\/huellainformativa.uicui.edu.mx\/author\/huellinformtivcui\/"},"date":"Ago 26, 2026","dateGMT":"2026-08-26 21:16:46","modifiedDate":"2026-08-26 21:16:46","modifiedDateGMT":"2026-08-26 21:16:46","commentCount":"0","commentStatus":"open","categories":{"coma":"<a href=\"https:\/\/huellainformativa.uicui.edu.mx\/category\/nacional\/\" rel=\"category tag\">Nacional<\/a>","space":"<a href=\"https:\/\/huellainformativa.uicui.edu.mx\/category\/nacional\/\" rel=\"category tag\">Nacional<\/a>"},"taxonomies":{"post_tag":""},"readTime":{"min":1,"sec":22},"status":"publish"},{"id":1999,"link":"https:\/\/huellainformativa.uicui.edu.mx\/2026\/08\/26\/historico-acuerdo-en-ee-uu-meta-pagara-hasta-17-100-millones-de-dolares-para-cerrar-el-juicio-por-adiccion-infantil\/","name":"historico-acuerdo-en-ee-uu-meta-pagara-hasta-17-100-millones-de-dolares-para-cerrar-el-juicio-por-adiccion-infantil","thumbnail":{"url":"https:\/\/huellainformativa.uicui.edu.mx\/wp-content\/uploads\/2026\/08\/meta-youtube-juicio-adiccion-redes-sociales.jpg","alt":""},"title":"HIST\u00d3RICO ACUERDO EN EE. UU.: Meta pagar\u00e1 hasta 17.100 millones de d\u00f3lares para cerrar el juicio por adicci\u00f3n infantil.","excerpt":"","content":"Por: Yahir Gonz\u00e1lez En una resoluci\u00f3n judicial sin precedentes para la industria tecnol\u00f3gica global, Meta Platforms acord\u00f3 este 26 de agosto de 2026 realizar un","author":{"name":"HUELLA Informativa CUI","link":"https:\/\/huellainformativa.uicui.edu.mx\/author\/huellinformtivcui\/"},"date":"Ago 26, 2026","dateGMT":"2026-08-26 20:01:52","modifiedDate":"2026-08-26 20:01:52","modifiedDateGMT":"2026-08-26 20:01:52","commentCount":"0","commentStatus":"open","categories":{"coma":"<a href=\"https:\/\/huellainformativa.uicui.edu.mx\/category\/sin-categoria\/\" rel=\"category tag\">Sin categor\u00eda<\/a>","space":"<a href=\"https:\/\/huellainformativa.uicui.edu.mx\/category\/sin-categoria\/\" rel=\"category tag\">Sin categor\u00eda<\/a>"},"taxonomies":{"post_tag":""},"readTime":{"min":1,"sec":34},"status":"publish"},{"id":1996,"link":"https:\/\/huellainformativa.uicui.edu.mx\/2026\/08\/26\/tragedia-en-el-himalaya-una-avalancha-e-inundaciones-repentinas-sacuden-la-frontera-entre-nepal-y-el-tibet\/","name":"tragedia-en-el-himalaya-una-avalancha-e-inundaciones-repentinas-sacuden-la-frontera-entre-nepal-y-el-tibet","thumbnail":{"url":"https:\/\/huellainformativa.uicui.edu.mx\/wp-content\/uploads\/2026\/08\/fda7a83a-9588-4be6-8607-92bb784a62cf.jpg","alt":""},"title":"Tragedia en el Himalaya: Una avalancha e inundaciones repentinas sacuden la frontera entre Nepal y el T\u00edbet","excerpt":"","content":"Por: Yahir Gonz\u00e1lez Lo que empez\u00f3 como una jornada normal en la cordillera m\u00e1s alta del mundo se convirti\u00f3 en una emergencia internacional. Hoy se","author":{"name":"HUELLA Informativa CUI","link":"https:\/\/huellainformativa.uicui.edu.mx\/author\/huellinformtivcui\/"},"date":"Ago 26, 2026","dateGMT":"2026-08-26 19:10:39","modifiedDate":"2026-08-26 19:10:39","modifiedDateGMT":"2026-08-26 19:10:39","commentCount":"0","commentStatus":"open","categories":{"coma":"<a href=\"https:\/\/huellainformativa.uicui.edu.mx\/category\/internacional\/\" rel=\"category tag\">Internacional<\/a>","space":"<a href=\"https:\/\/huellainformativa.uicui.edu.mx\/category\/internacional\/\" rel=\"category tag\">Internacional<\/a>"},"taxonomies":{"post_tag":""},"readTime":{"min":1,"sec":28},"status":"publish"},{"id":1993,"link":"https:\/\/huellainformativa.uicui.edu.mx\/2026\/08\/21\/la-fifa-sanciona-a-jugadores-de-argentina-tras-incidentes-en-la-final-del-mundial\/","name":"la-fifa-sanciona-a-jugadores-de-argentina-tras-incidentes-en-la-final-del-mundial","thumbnail":{"url":"https:\/\/huellainformativa.uicui.edu.mx\/wp-content\/uploads\/2026\/08\/images-1.jpg","alt":""},"title":"La FIFA sanciona a jugadores de Argentina tras incidentes en la final del mundial.","excerpt":"","content":"Por: Yosef Torres Despu\u00e9s de un mes de la final del Mundial 2026 donde la Selecci\u00f3n Argentina perdi\u00f3 ante Espa\u00f1a en Nueva Jersey, la FIFA","author":{"name":"HUELLA Informativa CUI","link":"https:\/\/huellainformativa.uicui.edu.mx\/author\/huellinformtivcui\/"},"date":"Ago 21, 2026","dateGMT":"2026-08-21 22:49:57","modifiedDate":"2026-08-21 22:49:57","modifiedDateGMT":"2026-08-21 22:49:57","commentCount":"0","commentStatus":"open","categories":{"coma":"<a href=\"https:\/\/huellainformativa.uicui.edu.mx\/category\/deportes\/\" rel=\"category tag\">Deportes<\/a>","space":"<a href=\"https:\/\/huellainformativa.uicui.edu.mx\/category\/deportes\/\" rel=\"category tag\">Deportes<\/a>"},"taxonomies":{"post_tag":""},"readTime":{"min":1,"sec":29},"status":"publish"},{"id":1989,"link":"https:\/\/huellainformativa.uicui.edu.mx\/2026\/08\/20\/terremoto-de-7-2-sacude-la-zona-andina-de-peru\/","name":"terremoto-de-7-2-sacude-la-zona-andina-de-peru","thumbnail":{"url":"https:\/\/huellainformativa.uicui.edu.mx\/wp-content\/uploads\/2026\/08\/19-int-peru-quake-lbmp-videoSixteenByNine3000-scaled.jpg","alt":""},"title":"Terremoto de 7.2 sacude la zona andina de Per\u00fa","excerpt":"","content":"Por: Yosef Torres El pasado jueves 20 de agosto, un sismo de magnitud 7.2 sacudi\u00f3 Ayacucho y varias regiones del sur del Per\u00fa; las autoridades","author":{"name":"HUELLA Informativa CUI","link":"https:\/\/huellainformativa.uicui.edu.mx\/author\/huellinformtivcui\/"},"date":"Ago 20, 2026","dateGMT":"2026-08-20 22:12:22","modifiedDate":"2026-08-20 22:12:22","modifiedDateGMT":"2026-08-20 22:12:22","commentCount":"0","commentStatus":"open","categories":{"coma":"<a href=\"https:\/\/huellainformativa.uicui.edu.mx\/category\/internacional\/\" rel=\"category tag\">Internacional<\/a>","space":"<a href=\"https:\/\/huellainformativa.uicui.edu.mx\/category\/internacional\/\" rel=\"category tag\">Internacional<\/a>"},"taxonomies":{"post_tag":""},"readTime":{"min":1,"sec":34},"status":"publish"},{"id":1986,"link":"https:\/\/huellainformativa.uicui.edu.mx\/2026\/08\/20\/operativo-en-michoacan-deja-12-detenidos-entre-ellos-hija-y-pareja-del-tio-lako\/","name":"operativo-en-michoacan-deja-12-detenidos-entre-ellos-hija-y-pareja-del-tio-lako","thumbnail":{"url":"https:\/\/huellainformativa.uicui.edu.mx\/wp-content\/uploads\/2026\/08\/3333.png","alt":""},"title":"Operativo en Michoac\u00e1n deja 12 detenidos; entre ellos, hija y pareja del \"T\u00edo Lako\"","excerpt":"","content":"Por: Sara Lucia Tellez Lucho Foto: Defensa El 19 de agosto de 2026 se realiz\u00f3 un operativo por fuerzas federales en los municipios de Tanhuato","author":{"name":"HUELLA Informativa CUI","link":"https:\/\/huellainformativa.uicui.edu.mx\/author\/huellinformtivcui\/"},"date":"Ago 20, 2026","dateGMT":"2026-08-20 18:47:48","modifiedDate":"2026-08-20 18:47:48","modifiedDateGMT":"2026-08-20 18:47:48","commentCount":"0","commentStatus":"open","categories":{"coma":"<a href=\"https:\/\/huellainformativa.uicui.edu.mx\/category\/nacional\/\" rel=\"category tag\">Nacional<\/a>","space":"<a href=\"https:\/\/huellainformativa.uicui.edu.mx\/category\/nacional\/\" rel=\"category tag\">Nacional<\/a>"},"taxonomies":{"post_tag":""},"readTime":{"min":2,"sec":44},"status":"publish"}]